{"id":1270,"date":"2023-04-25T10:50:24","date_gmt":"2023-04-25T08:50:24","guid":{"rendered":"https:\/\/www.sklenarice.com\/aktuality\/?p=1270"},"modified":"2023-04-25T10:50:24","modified_gmt":"2023-04-25T08:50:24","slug":"carodejnice-na-metlaku","status":"publish","type":"post","link":"https:\/\/www.sklenarice.com\/aktuality\/2023\/04\/25\/carodejnice-na-metlaku\/","title":{"rendered":"\u010carod\u011bjnice na Metl\u00e1ku"},"content":{"rendered":"<p align=\"justify\">U\u017e se to bl\u00ed\u017e\u00ed, filipojakubsk\u00e1 noc je u\u017e tuto ned\u011bli! A s n\u00ed i prad\u00e1vn\u00fd pohansk\u00fd zvyk p\u00e1len\u00ed \u010darod\u011bjnic. Ani u n\u00e1s ve Sklena\u0159ic\u00edch tento zvyk nezanikl, i kdy\u017e u\u017e nem\u00e1 pro v\u011bt\u0161inu \u00fa\u010dastn\u00edk\u016f prad\u00e1vn\u00fd n\u00e1bo\u017eensk\u00fd charakter, ale sp\u00ed\u0161e spole\u010densk\u00fd rozm\u011br. Tedy, kdo se chce oh\u0159\u00e1t u po\u0159\u00e1dn\u00e9ho ohn\u011b, vatry, p\u0159itom potkat m\u00edstn\u00ed i p\u0159espoln\u00ed a probrat, co je nov\u00e9ho, vyrazte k doln\u00ed stanici vleku Metl\u00e1k. Samoz\u0159ejm\u011b ide\u00e1ln\u011b v pr\u016fvodu! \ud83d\ude42<\/p>\n<p><a href=\"https:\/\/www.sklenarice.com\/wp-content\/uploads\/2023\/04\/carodejnice_metlak_23.jpg\" data-rel=\"lightbox-image-0\" data-rl_title=\"\" data-rl_caption=\"\" title=\"\"><img loading=\"lazy\" decoding=\"async\" src=\"https:\/\/www.sklenarice.com\/wp-content\/uploads\/2023\/04\/carodejnice_metlak_23.jpg\" alt=\"\" width=\"500\" height=\"720\" class=\"alignright size-full wp-image-1269\" srcset=\"https:\/\/www.sklenarice.com\/wp-content\/uploads\/2023\/04\/carodejnice_metlak_23.jpg 500w, https:\/\/www.sklenarice.com\/wp-content\/uploads\/2023\/04\/carodejnice_metlak_23-208x300.jpg 208w\" sizes=\"auto, (max-width: 500px) 100vw, 500px\" \/><\/a><\/p>\n","protected":false},"excerpt":{"rendered":"<p>U\u017e se to bl\u00ed\u017e\u00ed, filipojakubsk\u00e1 noc je u\u017e tuto ned\u011bli! A s n\u00ed i prad\u00e1vn\u00fd pohansk\u00fd zvyk p\u00e1len\u00ed \u010darod\u011bjnic. Ani u n\u00e1s ve Sklena\u0159ic\u00edch tento zvyk nezanikl, i kdy\u017e u\u017e nem\u00e1 pro v\u011bt\u0161inu \u00fa\u010dastn\u00edk\u016f prad\u00e1vn\u00fd n\u00e1bo\u017eensk\u00fd charakter, ale sp\u00ed\u0161e spole\u010densk\u00fd rozm\u011br. Tedy, kdo se chce oh\u0159\u00e1t u po\u0159\u00e1dn\u00e9ho ohn\u011b, vatry, p\u0159itom potkat m\u00edstn\u00ed i p\u0159espoln\u00ed [&hellip;]<\/p>\n","protected":false},"author":1,"featured_media":0,"comment_status":"open","ping_status":"open","sticky":false,"template":"","format":"standard","meta":{"ngg_post_thumbnail":0,"footnotes":""},"categories":[3],"tags":[],"class_list":["post-1270","post","type-post","status-publish","format-standard","hentry","category-aktualne"],"yoast_head":"<!-- This site is optimized with the Yoast SEO plugin v27.5 - https:\/\/yoast.com\/product\/yoast-seo-wordpress\/ -->\n<title>\u010carod\u011bjnice na Metl\u00e1ku - Sklena\u0159ice<\/title>\n<meta name=\"robots\" content=\"index, follow, max-snippet:-1, max-image-preview:large, max-video-preview:-1\" \/>\n<link rel=\"canonical\" href=\"https:\/\/www.sklenarice.com\/aktuality\/2023\/04\/25\/carodejnice-na-metlaku\/\" \/>\n<meta property=\"og:locale\" content=\"cs_CZ\" \/>\n<meta property=\"og:type\" content=\"article\" \/>\n<meta property=\"og:title\" content=\"\u010carod\u011bjnice na Metl\u00e1ku - Sklena\u0159ice\" \/>\n<meta property=\"og:description\" content=\"U\u017e se to bl\u00ed\u017e\u00ed, filipojakubsk\u00e1 noc je u\u017e tuto ned\u011bli! A s n\u00ed i prad\u00e1vn\u00fd pohansk\u00fd zvyk p\u00e1len\u00ed \u010darod\u011bjnic. Ani u n\u00e1s ve Sklena\u0159ic\u00edch tento zvyk nezanikl, i kdy\u017e u\u017e nem\u00e1 pro v\u011bt\u0161inu \u00fa\u010dastn\u00edk\u016f prad\u00e1vn\u00fd n\u00e1bo\u017eensk\u00fd charakter, ale sp\u00ed\u0161e spole\u010densk\u00fd rozm\u011br. Tedy, kdo se chce oh\u0159\u00e1t u po\u0159\u00e1dn\u00e9ho ohn\u011b, vatry, p\u0159itom potkat m\u00edstn\u00ed i p\u0159espoln\u00ed [&hellip;]\" \/>\n<meta property=\"og:url\" content=\"https:\/\/www.sklenarice.com\/aktuality\/2023\/04\/25\/carodejnice-na-metlaku\/\" \/>\n<meta property=\"og:site_name\" content=\"Sklena\u0159ice\" \/>\n<meta property=\"article:publisher\" content=\"https:\/\/www.facebook.com\/sklenky\/\" \/>\n<meta property=\"article:published_time\" content=\"2023-04-25T08:50:24+00:00\" \/>\n<meta property=\"og:image\" content=\"https:\/\/www.sklenarice.com\/wp-content\/uploads\/2023\/04\/carodejnice_metlak_23.jpg\" \/>\n<meta name=\"author\" content=\"Zden\u011bk Br\u016fna\" \/>\n<meta name=\"twitter:card\" content=\"summary_large_image\" \/>\n<meta name=\"twitter:label1\" content=\"Napsal(a)\" \/>\n\t<meta name=\"twitter:data1\" content=\"Zden\u011bk Br\u016fna\" \/>\n<script type=\"application\/ld+json\" class=\"yoast-schema-graph\">{\"@context\":\"https:\\\/\\\/schema.org\",\"@graph\":[{\"@type\":\"Article\",\"@id\":\"https:\\\/\\\/www.sklenarice.com\\\/aktuality\\\/2023\\\/04\\\/25\\\/carodejnice-na-metlaku\\\/#article\",\"isPartOf\":{\"@id\":\"https:\\\/\\\/www.sklenarice.com\\\/aktuality\\\/2023\\\/04\\\/25\\\/carodejnice-na-metlaku\\\/\"},\"author\":{\"name\":\"Zden\u011bk Br\u016fna\",\"@id\":\"https:\\\/\\\/www.sklenarice.com\\\/aktuality\\\/#\\\/schema\\\/person\\\/0e64e01cb60dceb898fb8d3f7a62044b\"},\"headline\":\"\u010carod\u011bjnice na Metl\u00e1ku\",\"datePublished\":\"2023-04-25T08:50:24+00:00\",\"mainEntityOfPage\":{\"@id\":\"https:\\\/\\\/www.sklenarice.com\\\/aktuality\\\/2023\\\/04\\\/25\\\/carodejnice-na-metlaku\\\/\"},\"wordCount\":102,\"commentCount\":0,\"image\":{\"@id\":\"https:\\\/\\\/www.sklenarice.com\\\/aktuality\\\/2023\\\/04\\\/25\\\/carodejnice-na-metlaku\\\/#primaryimage\"},\"thumbnailUrl\":\"https:\\\/\\\/www.sklenarice.com\\\/wp-content\\\/uploads\\\/2023\\\/04\\\/carodejnice_metlak_23.jpg\",\"articleSection\":[\"Aktu\u00e1ln\u011b\"],\"inLanguage\":\"cs\",\"potentialAction\":[{\"@type\":\"CommentAction\",\"name\":\"Comment\",\"target\":[\"https:\\\/\\\/www.sklenarice.com\\\/aktuality\\\/2023\\\/04\\\/25\\\/carodejnice-na-metlaku\\\/#respond\"]}]},{\"@type\":\"WebPage\",\"@id\":\"https:\\\/\\\/www.sklenarice.com\\\/aktuality\\\/2023\\\/04\\\/25\\\/carodejnice-na-metlaku\\\/\",\"url\":\"https:\\\/\\\/www.sklenarice.com\\\/aktuality\\\/2023\\\/04\\\/25\\\/carodejnice-na-metlaku\\\/\",\"name\":\"\u010carod\u011bjnice na Metl\u00e1ku - Sklena\u0159ice\",\"isPartOf\":{\"@id\":\"https:\\\/\\\/www.sklenarice.com\\\/aktuality\\\/#website\"},\"primaryImageOfPage\":{\"@id\":\"https:\\\/\\\/www.sklenarice.com\\\/aktuality\\\/2023\\\/04\\\/25\\\/carodejnice-na-metlaku\\\/#primaryimage\"},\"image\":{\"@id\":\"https:\\\/\\\/www.sklenarice.com\\\/aktuality\\\/2023\\\/04\\\/25\\\/carodejnice-na-metlaku\\\/#primaryimage\"},\"thumbnailUrl\":\"https:\\\/\\\/www.sklenarice.com\\\/wp-content\\\/uploads\\\/2023\\\/04\\\/carodejnice_metlak_23.jpg\",\"datePublished\":\"2023-04-25T08:50:24+00:00\",\"author\":{\"@id\":\"https:\\\/\\\/www.sklenarice.com\\\/aktuality\\\/#\\\/schema\\\/person\\\/0e64e01cb60dceb898fb8d3f7a62044b\"},\"breadcrumb\":{\"@id\":\"https:\\\/\\\/www.sklenarice.com\\\/aktuality\\\/2023\\\/04\\\/25\\\/carodejnice-na-metlaku\\\/#breadcrumb\"},\"inLanguage\":\"cs\",\"potentialAction\":[{\"@type\":\"ReadAction\",\"target\":[\"https:\\\/\\\/www.sklenarice.com\\\/aktuality\\\/2023\\\/04\\\/25\\\/carodejnice-na-metlaku\\\/\"]}]},{\"@type\":\"ImageObject\",\"inLanguage\":\"cs\",\"@id\":\"https:\\\/\\\/www.sklenarice.com\\\/aktuality\\\/2023\\\/04\\\/25\\\/carodejnice-na-metlaku\\\/#primaryimage\",\"url\":\"https:\\\/\\\/www.sklenarice.com\\\/wp-content\\\/uploads\\\/2023\\\/04\\\/carodejnice_metlak_23.jpg\",\"contentUrl\":\"https:\\\/\\\/www.sklenarice.com\\\/wp-content\\\/uploads\\\/2023\\\/04\\\/carodejnice_metlak_23.jpg\"},{\"@type\":\"BreadcrumbList\",\"@id\":\"https:\\\/\\\/www.sklenarice.com\\\/aktuality\\\/2023\\\/04\\\/25\\\/carodejnice-na-metlaku\\\/#breadcrumb\",\"itemListElement\":[{\"@type\":\"ListItem\",\"position\":1,\"name\":\"Dom\u016f\",\"item\":\"https:\\\/\\\/www.sklenarice.com\\\/aktuality\\\/\"},{\"@type\":\"ListItem\",\"position\":2,\"name\":\"\u010carod\u011bjnice na Metl\u00e1ku\"}]},{\"@type\":\"WebSite\",\"@id\":\"https:\\\/\\\/www.sklenarice.com\\\/aktuality\\\/#website\",\"url\":\"https:\\\/\\\/www.sklenarice.com\\\/aktuality\\\/\",\"name\":\"Sklena\u0159ice\",\"description\":\"str\u00e1nky obce z podh\u016f\u0159\u00ed Krkono\u0161 a Jizersk\u00fdch hor\",\"potentialAction\":[{\"@type\":\"SearchAction\",\"target\":{\"@type\":\"EntryPoint\",\"urlTemplate\":\"https:\\\/\\\/www.sklenarice.com\\\/aktuality\\\/?s={search_term_string}\"},\"query-input\":{\"@type\":\"PropertyValueSpecification\",\"valueRequired\":true,\"valueName\":\"search_term_string\"}}],\"inLanguage\":\"cs\"},{\"@type\":\"Person\",\"@id\":\"https:\\\/\\\/www.sklenarice.com\\\/aktuality\\\/#\\\/schema\\\/person\\\/0e64e01cb60dceb898fb8d3f7a62044b\",\"name\":\"Zden\u011bk Br\u016fna\",\"image\":{\"@type\":\"ImageObject\",\"inLanguage\":\"cs\",\"@id\":\"https:\\\/\\\/secure.gravatar.com\\\/avatar\\\/7e2758af15f2eea0eae461000baaaba2b4725b8912fe90fa9bbefbc78c725c5f?s=96&d=mm&r=g\",\"url\":\"https:\\\/\\\/secure.gravatar.com\\\/avatar\\\/7e2758af15f2eea0eae461000baaaba2b4725b8912fe90fa9bbefbc78c725c5f?s=96&d=mm&r=g\",\"contentUrl\":\"https:\\\/\\\/secure.gravatar.com\\\/avatar\\\/7e2758af15f2eea0eae461000baaaba2b4725b8912fe90fa9bbefbc78c725c5f?s=96&d=mm&r=g\",\"caption\":\"Zden\u011bk Br\u016fna\"}}]}<\/script>\n<!-- \/ Yoast SEO plugin. -->","yoast_head_json":{"title":"\u010carod\u011bjnice na Metl\u00e1ku - Sklena\u0159ice","robots":{"index":"index","follow":"follow","max-snippet":"max-snippet:-1","max-image-preview":"max-image-preview:large","max-video-preview":"max-video-preview:-1"},"canonical":"https:\/\/www.sklenarice.com\/aktuality\/2023\/04\/25\/carodejnice-na-metlaku\/","og_locale":"cs_CZ","og_type":"article","og_title":"\u010carod\u011bjnice na Metl\u00e1ku - Sklena\u0159ice","og_description":"U\u017e se to bl\u00ed\u017e\u00ed, filipojakubsk\u00e1 noc je u\u017e tuto ned\u011bli! A s n\u00ed i prad\u00e1vn\u00fd pohansk\u00fd zvyk p\u00e1len\u00ed \u010darod\u011bjnic. Ani u n\u00e1s ve Sklena\u0159ic\u00edch tento zvyk nezanikl, i kdy\u017e u\u017e nem\u00e1 pro v\u011bt\u0161inu \u00fa\u010dastn\u00edk\u016f prad\u00e1vn\u00fd n\u00e1bo\u017eensk\u00fd charakter, ale sp\u00ed\u0161e spole\u010densk\u00fd rozm\u011br. Tedy, kdo se chce oh\u0159\u00e1t u po\u0159\u00e1dn\u00e9ho ohn\u011b, vatry, p\u0159itom potkat m\u00edstn\u00ed i p\u0159espoln\u00ed [&hellip;]","og_url":"https:\/\/www.sklenarice.com\/aktuality\/2023\/04\/25\/carodejnice-na-metlaku\/","og_site_name":"Sklena\u0159ice","article_publisher":"https:\/\/www.facebook.com\/sklenky\/","article_published_time":"2023-04-25T08:50:24+00:00","og_image":[{"url":"https:\/\/www.sklenarice.com\/wp-content\/uploads\/2023\/04\/carodejnice_metlak_23.jpg","type":"","width":"","height":""}],"author":"Zden\u011bk Br\u016fna","twitter_card":"summary_large_image","twitter_misc":{"Napsal(a)":"Zden\u011bk Br\u016fna"},"schema":{"@context":"https:\/\/schema.org","@graph":[{"@type":"Article","@id":"https:\/\/www.sklenarice.com\/aktuality\/2023\/04\/25\/carodejnice-na-metlaku\/#article","isPartOf":{"@id":"https:\/\/www.sklenarice.com\/aktuality\/2023\/04\/25\/carodejnice-na-metlaku\/"},"author":{"name":"Zden\u011bk Br\u016fna","@id":"https:\/\/www.sklenarice.com\/aktuality\/#\/schema\/person\/0e64e01cb60dceb898fb8d3f7a62044b"},"headline":"\u010carod\u011bjnice na Metl\u00e1ku","datePublished":"2023-04-25T08:50:24+00:00","mainEntityOfPage":{"@id":"https:\/\/www.sklenarice.com\/aktuality\/2023\/04\/25\/carodejnice-na-metlaku\/"},"wordCount":102,"commentCount":0,"image":{"@id":"https:\/\/www.sklenarice.com\/aktuality\/2023\/04\/25\/carodejnice-na-metlaku\/#primaryimage"},"thumbnailUrl":"https:\/\/www.sklenarice.com\/wp-content\/uploads\/2023\/04\/carodejnice_metlak_23.jpg","articleSection":["Aktu\u00e1ln\u011b"],"inLanguage":"cs","potentialAction":[{"@type":"CommentAction","name":"Comment","target":["https:\/\/www.sklenarice.com\/aktuality\/2023\/04\/25\/carodejnice-na-metlaku\/#respond"]}]},{"@type":"WebPage","@id":"https:\/\/www.sklenarice.com\/aktuality\/2023\/04\/25\/carodejnice-na-metlaku\/","url":"https:\/\/www.sklenarice.com\/aktuality\/2023\/04\/25\/carodejnice-na-metlaku\/","name":"\u010carod\u011bjnice na Metl\u00e1ku - Sklena\u0159ice","isPartOf":{"@id":"https:\/\/www.sklenarice.com\/aktuality\/#website"},"primaryImageOfPage":{"@id":"https:\/\/www.sklenarice.com\/aktuality\/2023\/04\/25\/carodejnice-na-metlaku\/#primaryimage"},"image":{"@id":"https:\/\/www.sklenarice.com\/aktuality\/2023\/04\/25\/carodejnice-na-metlaku\/#primaryimage"},"thumbnailUrl":"https:\/\/www.sklenarice.com\/wp-content\/uploads\/2023\/04\/carodejnice_metlak_23.jpg","datePublished":"2023-04-25T08:50:24+00:00","author":{"@id":"https:\/\/www.sklenarice.com\/aktuality\/#\/schema\/person\/0e64e01cb60dceb898fb8d3f7a62044b"},"breadcrumb":{"@id":"https:\/\/www.sklenarice.com\/aktuality\/2023\/04\/25\/carodejnice-na-metlaku\/#breadcrumb"},"inLanguage":"cs","potentialAction":[{"@type":"ReadAction","target":["https:\/\/www.sklenarice.com\/aktuality\/2023\/04\/25\/carodejnice-na-metlaku\/"]}]},{"@type":"ImageObject","inLanguage":"cs","@id":"https:\/\/www.sklenarice.com\/aktuality\/2023\/04\/25\/carodejnice-na-metlaku\/#primaryimage","url":"https:\/\/www.sklenarice.com\/wp-content\/uploads\/2023\/04\/carodejnice_metlak_23.jpg","contentUrl":"https:\/\/www.sklenarice.com\/wp-content\/uploads\/2023\/04\/carodejnice_metlak_23.jpg"},{"@type":"BreadcrumbList","@id":"https:\/\/www.sklenarice.com\/aktuality\/2023\/04\/25\/carodejnice-na-metlaku\/#breadcrumb","itemListElement":[{"@type":"ListItem","position":1,"name":"Dom\u016f","item":"https:\/\/www.sklenarice.com\/aktuality\/"},{"@type":"ListItem","position":2,"name":"\u010carod\u011bjnice na Metl\u00e1ku"}]},{"@type":"WebSite","@id":"https:\/\/www.sklenarice.com\/aktuality\/#website","url":"https:\/\/www.sklenarice.com\/aktuality\/","name":"Sklena\u0159ice","description":"str\u00e1nky obce z podh\u016f\u0159\u00ed Krkono\u0161 a Jizersk\u00fdch hor","potentialAction":[{"@type":"SearchAction","target":{"@type":"EntryPoint","urlTemplate":"https:\/\/www.sklenarice.com\/aktuality\/?s={search_term_string}"},"query-input":{"@type":"PropertyValueSpecification","valueRequired":true,"valueName":"search_term_string"}}],"inLanguage":"cs"},{"@type":"Person","@id":"https:\/\/www.sklenarice.com\/aktuality\/#\/schema\/person\/0e64e01cb60dceb898fb8d3f7a62044b","name":"Zden\u011bk Br\u016fna","image":{"@type":"ImageObject","inLanguage":"cs","@id":"https:\/\/secure.gravatar.com\/avatar\/7e2758af15f2eea0eae461000baaaba2b4725b8912fe90fa9bbefbc78c725c5f?s=96&d=mm&r=g","url":"https:\/\/secure.gravatar.com\/avatar\/7e2758af15f2eea0eae461000baaaba2b4725b8912fe90fa9bbefbc78c725c5f?s=96&d=mm&r=g","contentUrl":"https:\/\/secure.gravatar.com\/avatar\/7e2758af15f2eea0eae461000baaaba2b4725b8912fe90fa9bbefbc78c725c5f?s=96&d=mm&r=g","caption":"Zden\u011bk Br\u016fna"}}]}},"_links":{"self":[{"href":"https:\/\/www.sklenarice.com\/aktuality\/wp-json\/wp\/v2\/posts\/1270","targetHints":{"allow":["GET"]}}],"collection":[{"href":"https:\/\/www.sklenarice.com\/aktuality\/wp-json\/wp\/v2\/posts"}],"about":[{"href":"https:\/\/www.sklenarice.com\/aktuality\/wp-json\/wp\/v2\/types\/post"}],"author":[{"embeddable":true,"href":"https:\/\/www.sklenarice.com\/aktuality\/wp-json\/wp\/v2\/users\/1"}],"replies":[{"embeddable":true,"href":"https:\/\/www.sklenarice.com\/aktuality\/wp-json\/wp\/v2\/comments?post=1270"}],"version-history":[{"count":1,"href":"https:\/\/www.sklenarice.com\/aktuality\/wp-json\/wp\/v2\/posts\/1270\/revisions"}],"predecessor-version":[{"id":1271,"href":"https:\/\/www.sklenarice.com\/aktuality\/wp-json\/wp\/v2\/posts\/1270\/revisions\/1271"}],"wp:attachment":[{"href":"https:\/\/www.sklenarice.com\/aktuality\/wp-json\/wp\/v2\/media?parent=1270"}],"wp:term":[{"taxonomy":"category","embeddable":true,"href":"https:\/\/www.sklenarice.com\/aktuality\/wp-json\/wp\/v2\/categories?post=1270"},{"taxonomy":"post_tag","embeddable":true,"href":"https:\/\/www.sklenarice.com\/aktuality\/wp-json\/wp\/v2\/tags?post=1270"}],"curies":[{"name":"wp","href":"https:\/\/api.w.org\/{rel}","templated":true}]}}